{"id":9126,"date":"2026-08-25T09:06:11","date_gmt":"2026-08-25T12:06:11","guid":{"rendered":"https:\/\/sprj.org.br\/site\/?p=9126"},"modified":"2026-08-25T09:06:11","modified_gmt":"2026-08-25T12:06:11","slug":"jacques-andre-na-sede-da-sprj","status":"publish","type":"post","link":"https:\/\/sprj.org.br\/site\/jacques-andre-na-sede-da-sprj\/","title":{"rendered":"Jacques Andr\u00e9 na sede da SPRJ"},"content":{"rendered":"<p><span style=\"color: #ff0000; font-size: 14pt;\">Fa\u00e7a sua inscri\u00e7\u00e3o pelo Sympla, <a style=\"color: #ff0000;\" href=\"https:\/\/www.sympla.com.br\/evento\/jacques-andre-na-sede-da-sprj-lancamento-de-livro-com-sessao-de-autografos--conferencia\/3549174\">clicando aqui<\/a><\/span><\/p>\n<p><img fetchpriority=\"high\" decoding=\"async\" class=\"alignnone  wp-image-9127\" src=\"https:\/\/sprj.org.br\/site\/wp-content\/uploads\/2026\/08\/jacques-300x157.jpeg\" alt=\"\" width=\"831\" height=\"435\" srcset=\"https:\/\/sprj.org.br\/site\/wp-content\/uploads\/2026\/08\/jacques-300x157.jpeg 300w, https:\/\/sprj.org.br\/site\/wp-content\/uploads\/2026\/08\/jacques-1024x536.jpeg 1024w, https:\/\/sprj.org.br\/site\/wp-content\/uploads\/2026\/08\/jacques-768x402.jpeg 768w, https:\/\/sprj.org.br\/site\/wp-content\/uploads\/2026\/08\/jacques-1536x804.jpeg 1536w, https:\/\/sprj.org.br\/site\/wp-content\/uploads\/2026\/08\/jacques.jpeg 1600w\" sizes=\"(max-width: 831px) 100vw, 831px\" \/><\/p>\n","protected":false},"excerpt":{"rendered":"<p>Fa\u00e7a sua inscri\u00e7\u00e3o pelo Sympla, clicando aqui<\/p>\n","protected":false},"author":1,"featured_media":9127,"comment_status":"open","ping_status":"open","sticky":false,"template":"","format":"standard","meta":{"_acf_changed":false,"generate_page_header":"","footnotes":"","_members_access_role":[],"_members_access_error":""},"categories":[17],"tags":[],"class_list":["post-9126","post","type-post","status-publish","format-standard","has-post-thumbnail","hentry","category-solidaria"],"acf":[],"_links":{"self":[{"href":"https:\/\/sprj.org.br\/site\/wp-json\/wp\/v2\/posts\/9126","targetHints":{"allow":["GET"]}}],"collection":[{"href":"https:\/\/sprj.org.br\/site\/wp-json\/wp\/v2\/posts"}],"about":[{"href":"https:\/\/sprj.org.br\/site\/wp-json\/wp\/v2\/types\/post"}],"author":[{"embeddable":true,"href":"https:\/\/sprj.org.br\/site\/wp-json\/wp\/v2\/users\/1"}],"replies":[{"embeddable":true,"href":"https:\/\/sprj.org.br\/site\/wp-json\/wp\/v2\/comments?post=9126"}],"version-history":[{"count":1,"href":"https:\/\/sprj.org.br\/site\/wp-json\/wp\/v2\/posts\/9126\/revisions"}],"predecessor-version":[{"id":9128,"href":"https:\/\/sprj.org.br\/site\/wp-json\/wp\/v2\/posts\/9126\/revisions\/9128"}],"wp:featuredmedia":[{"embeddable":true,"href":"https:\/\/sprj.org.br\/site\/wp-json\/wp\/v2\/media\/9127"}],"wp:attachment":[{"href":"https:\/\/sprj.org.br\/site\/wp-json\/wp\/v2\/media?parent=9126"}],"wp:term":[{"taxonomy":"category","embeddable":true,"href":"https:\/\/sprj.org.br\/site\/wp-json\/wp\/v2\/categories?post=9126"},{"taxonomy":"post_tag","embeddable":true,"href":"https:\/\/sprj.org.br\/site\/wp-json\/wp\/v2\/tags?post=9126"}],"curies":[{"name":"wp","href":"https:\/\/api.w.org\/{rel}","templated":true}]}}