{"id":9107,"date":"2026-07-27T13:46:45","date_gmt":"2026-07-27T16:46:45","guid":{"rendered":"https:\/\/sprj.org.br\/site\/?p=9107"},"modified":"2026-07-27T13:46:45","modified_gmt":"2026-07-27T16:46:45","slug":"ii-coloquio-internacional-justica-violencia-psicanalise","status":"publish","type":"post","link":"https:\/\/sprj.org.br\/site\/ii-coloquio-internacional-justica-violencia-psicanalise\/","title":{"rendered":"II Col\u00f3quio Internacional Justi\u00e7a, Viol\u00eancia &#038; Psican\u00e1lise"},"content":{"rendered":"<p><img fetchpriority=\"high\" decoding=\"async\" class=\"alignnone  wp-image-9108\" src=\"https:\/\/sprj.org.br\/site\/wp-content\/uploads\/2026\/07\/WhatsApp-Image-2026-07-27-at-13.09.48-300x169.jpeg\" alt=\"\" width=\"1386\" height=\"781\" srcset=\"https:\/\/sprj.org.br\/site\/wp-content\/uploads\/2026\/07\/WhatsApp-Image-2026-07-27-at-13.09.48-300x169.jpeg 300w, https:\/\/sprj.org.br\/site\/wp-content\/uploads\/2026\/07\/WhatsApp-Image-2026-07-27-at-13.09.48-1024x576.jpeg 1024w, https:\/\/sprj.org.br\/site\/wp-content\/uploads\/2026\/07\/WhatsApp-Image-2026-07-27-at-13.09.48-768x432.jpeg 768w\" sizes=\"(max-width: 1386px) 100vw, 1386px\" \/><\/p>\n","protected":false},"excerpt":{"rendered":"","protected":false},"author":1,"featured_media":9108,"comment_status":"open","ping_status":"open","sticky":false,"template":"","format":"standard","meta":{"_acf_changed":false,"generate_page_header":"","footnotes":"","_members_access_role":[],"_members_access_error":""},"categories":[17],"tags":[],"class_list":["post-9107","post","type-post","status-publish","format-standard","has-post-thumbnail","hentry","category-solidaria"],"acf":[],"_links":{"self":[{"href":"https:\/\/sprj.org.br\/site\/wp-json\/wp\/v2\/posts\/9107","targetHints":{"allow":["GET"]}}],"collection":[{"href":"https:\/\/sprj.org.br\/site\/wp-json\/wp\/v2\/posts"}],"about":[{"href":"https:\/\/sprj.org.br\/site\/wp-json\/wp\/v2\/types\/post"}],"author":[{"embeddable":true,"href":"https:\/\/sprj.org.br\/site\/wp-json\/wp\/v2\/users\/1"}],"replies":[{"embeddable":true,"href":"https:\/\/sprj.org.br\/site\/wp-json\/wp\/v2\/comments?post=9107"}],"version-history":[{"count":1,"href":"https:\/\/sprj.org.br\/site\/wp-json\/wp\/v2\/posts\/9107\/revisions"}],"predecessor-version":[{"id":9109,"href":"https:\/\/sprj.org.br\/site\/wp-json\/wp\/v2\/posts\/9107\/revisions\/9109"}],"wp:featuredmedia":[{"embeddable":true,"href":"https:\/\/sprj.org.br\/site\/wp-json\/wp\/v2\/media\/9108"}],"wp:attachment":[{"href":"https:\/\/sprj.org.br\/site\/wp-json\/wp\/v2\/media?parent=9107"}],"wp:term":[{"taxonomy":"category","embeddable":true,"href":"https:\/\/sprj.org.br\/site\/wp-json\/wp\/v2\/categories?post=9107"},{"taxonomy":"post_tag","embeddable":true,"href":"https:\/\/sprj.org.br\/site\/wp-json\/wp\/v2\/tags?post=9107"}],"curies":[{"name":"wp","href":"https:\/\/api.w.org\/{rel}","templated":true}]}}